{"id":538,"date":"2020-10-05T14:09:50","date_gmt":"2020-10-05T14:09:50","guid":{"rendered":"https:\/\/institutodefilosofia.udp.cl\/cms\/2020\/10\/05\/ciclo-pandemia-y-politica-sesion-5-la-democracia-despues-de-la-pandemia-2\/"},"modified":"2020-10-05T14:09:50","modified_gmt":"2020-10-05T14:09:50","slug":"ciclo-pandemia-y-politica-sesion-5-la-democracia-despues-de-la-pandemia-2","status":"publish","type":"post","link":"https:\/\/institutodefilosofia.udp.cl\/en\/2020\/10\/05\/ciclo-pandemia-y-politica-sesion-5-la-democracia-despues-de-la-pandemia-2\/","title":{"rendered":"Ciclo Pandemia y pol\u00edtica, sesi\u00f3n 5: La democracia despu\u00e9s de la pandemia"},"content":{"rendered":"<p><img loading=\"lazy\" decoding=\"async\" class=\"wp-image-3431 size-large alignleft\" src=\"https:\/\/institutodefilosofia.udp.cl\/wp-content\/uploads\/2020\/10\/200930_CicloPandemiayPolitica_S5_RRSS-1024x1024.png\" alt=\"\" width=\"702\" height=\"702\" \/><\/p>\n<p>El jueves 8 de octubre a las 11.30 hrs. se llevar\u00e1 a cabo en forma online la quinta fecha del ciclo Pandemia y pol\u00edtica, que en esta oportunidad estar\u00e1 dedicada al tema &#8220;La democracia despu\u00e9s de la pandemia&#8221;. Participan Gonzalo Bustamante (Escuela de Gobierno, UAI), Rossana Castiglioni (FACSO, UDP) y\u00a0Juan Orme\u00f1o (IDF, UDP). Actividad abierta al p\u00fablico, previa inscripci\u00f3n en el correo: extensionidf@mail.udp.cl.<\/p>\n<p><strong>Sobre la actividad<\/strong><\/p>\n<p>La pandemia ha venido a alterar todas nuestras formas de sociabilidad, de un modo que lleva a poner preguntarse si acaso, aun cuando el riesgo desaparezca y volvamos a la <em>normalidad<\/em>, el concepto mismo de <em>normalidad<\/em> no se habr\u00e1 modificado. \u00bfCu\u00e1l puede ser el impacto de largos meses de interacciones virtuales, incluso con las personas m\u00e1s queridas y cercanas? Y, en un plano m\u00e1s amplio, estamos ante una suerte de retorno del Estado y de sus expertos (de un Estado cuyo poder de protecci\u00f3n\/intervenci\u00f3n se ha extendido hacia el propio cuerpo, y hacia conductas que hab\u00edamos acostumbrado a considerar puramente individuales). \u00bfSe traducir\u00e1 todo esto en una demanda sostenida de mayor protecci\u00f3n del Estado, as\u00ed como de una mayor aceptaci\u00f3n de los deberes asociados a esta demanda? Y \u00bfqu\u00e9 sucede, entonces, con la democracia contempor\u00e1nea, cuando eventos fundamentales, como la concurrencia presencial a las urnas y las manifestaciones populares, llegan a ser experimentados como un riego?<\/p>\n<p>En caso de Chile, preguntas como estas est\u00e1n cruzadas por el momento pol\u00edtico crucial que el pa\u00eds est\u00e1 viviendo, y que ya, en gran parte, ha transcurrido bajo medidas de cuarentena y semejantes. \u00bfC\u00f3mo puede verse afectado ese ejercicio de soberan\u00eda popular, el plebiscito del 25 de octubre, tanto en su desarrollo como en sus resultados y consecuencias, por estas condiciones?<\/p>\n","protected":false},"excerpt":{"rendered":"<p>El jueves 8 de octubre a las 11.30 hrs. se llevar\u00e1 a cabo en forma online la quinta fecha del ciclo Pandemia y pol\u00edtica, que en esta oportunidad estar\u00e1 dedicada al tema &#8220;La democracia despu\u00e9s de la pandemia&#8221;. Participan Gonzalo Bustamante (Escuela de Gobierno, UAI), Rossana Castiglioni (FACSO, UDP) y\u00a0Juan Orme\u00f1o (IDF, UDP). Actividad abierta [&hellip;]<\/p>\n","protected":false},"author":1,"featured_media":539,"comment_status":"open","ping_status":"open","sticky":false,"template":"","format":"standard","meta":{"_acf_changed":false,"footnotes":""},"categories":[2],"tags":[],"class_list":["post-538","post","type-post","status-publish","format-standard","has-post-thumbnail","hentry","category-noticias"],"acf":[],"_links":{"self":[{"href":"https:\/\/institutodefilosofia.udp.cl\/en\/wp-json\/wp\/v2\/posts\/538"}],"collection":[{"href":"https:\/\/institutodefilosofia.udp.cl\/en\/wp-json\/wp\/v2\/posts"}],"about":[{"href":"https:\/\/institutodefilosofia.udp.cl\/en\/wp-json\/wp\/v2\/types\/post"}],"author":[{"embeddable":true,"href":"https:\/\/institutodefilosofia.udp.cl\/en\/wp-json\/wp\/v2\/users\/1"}],"replies":[{"embeddable":true,"href":"https:\/\/institutodefilosofia.udp.cl\/en\/wp-json\/wp\/v2\/comments?post=538"}],"version-history":[{"count":0,"href":"https:\/\/institutodefilosofia.udp.cl\/en\/wp-json\/wp\/v2\/posts\/538\/revisions"}],"wp:featuredmedia":[{"embeddable":true,"href":"https:\/\/institutodefilosofia.udp.cl\/en\/wp-json\/wp\/v2\/media\/539"}],"wp:attachment":[{"href":"https:\/\/institutodefilosofia.udp.cl\/en\/wp-json\/wp\/v2\/media?parent=538"}],"wp:term":[{"taxonomy":"category","embeddable":true,"href":"https:\/\/institutodefilosofia.udp.cl\/en\/wp-json\/wp\/v2\/categories?post=538"},{"taxonomy":"post_tag","embeddable":true,"href":"https:\/\/institutodefilosofia.udp.cl\/en\/wp-json\/wp\/v2\/tags?post=538"}],"curies":[{"name":"wp","href":"https:\/\/api.w.org\/{rel}","templated":true}]}}