{"id":818,"date":"2018-08-08T22:37:33","date_gmt":"2018-08-08T22:37:33","guid":{"rendered":"https:\/\/institutodefilosofia.udp.cl\/cms\/2018\/08\/08\/pablo-guinez-expone-en-primera-fecha-de-ciclo-fenomenologia-en-dialogo\/"},"modified":"2018-08-08T22:37:33","modified_gmt":"2018-08-08T22:37:33","slug":"pablo-guinez-expone-en-primera-fecha-de-ciclo-fenomenologia-en-dialogo","status":"publish","type":"post","link":"https:\/\/institutodefilosofia.udp.cl\/en\/2018\/08\/08\/pablo-guinez-expone-en-primera-fecha-de-ciclo-fenomenologia-en-dialogo\/","title":{"rendered":"Pablo Gu\u00ed\u00f1ez expone en primera fecha de ciclo &#8220;Fenomenolog\u00eda en di\u00e1logo&#8221;"},"content":{"rendered":"<p>El estudiante de <a href=\"http:\/\/institutodefilosofia.udp.cl\/doctorado-en-filosofia\/\">Doctorado en Filosof\u00eda<\/a>, Pablo Gu\u00ed\u00f1ez, ofrecer\u00e1 una conferencia titulada &#8220;Anarquismo y revoluci\u00f3n&#8221;, en la primera fecha del ciclo de clases magistrales <em>Fenomenolog\u00eda en di\u00e1logo<\/em>, organizado por la <a href=\"https:\/\/fenomenologiachile.wordpress.com\/\">Asociaci\u00f3n Chilena de Fenomenolog\u00eda<\/a> y el Instituto de Filosof\u00eda UDP.<\/p>\n<p>La actividad se llevar\u00e1 a cabo el <strong>martes 14 de agosto a las 17:00 hrs.<\/strong> en la sala EC31 (Ej\u00e9rcito 278).<\/p>\n<p><img loading=\"lazy\" decoding=\"async\" class=\"wp-image-1983 alignleft\" src=\"http:\/\/institutodefilosofia.udp.cl\/wp-content\/uploads\/2018\/08\/UDP_Fenomenologi\u0301a-en-Dia\u0301logo_bajadasdigitales_2_FB-IG-TW-Post-1024x1024.png\" alt=\"\" width=\"421\" height=\"421\" \/>En este ciclo, que se extender\u00e1 hasta dieciembre, se pretende generar un espacio de discusi\u00f3n y di\u00e1logo, donde se conecte la fenomenolog\u00eda con discusiones relevantes para el mundo contempor\u00e1neo. Dado que las sesiones tienen un car\u00e1cter de difusi\u00f3n, puede asistir cualquiera con intereses filos\u00f3ficos (desde estudiantes de pregrado hasta acad\u00e9micos). La actividad es gratuita y no se requiere inscripci\u00f3n previa.<\/p>\n<p>M\u00e1s informaci\u00f3n en <a href=\"https:\/\/fenomenologiachile.wordpress.com\/\">fenomenologiachile.org<\/a><\/p>\n","protected":false},"excerpt":{"rendered":"<p>El estudiante de Doctorado en Filosof\u00eda, Pablo Gu\u00ed\u00f1ez, ofrecer\u00e1 una conferencia titulada &#8220;Anarquismo y revoluci\u00f3n&#8221;, en la primera fecha del ciclo de clases magistrales Fenomenolog\u00eda en di\u00e1logo, organizado por la Asociaci\u00f3n Chilena de Fenomenolog\u00eda y el Instituto de Filosof\u00eda UDP. La actividad se llevar\u00e1 a cabo el martes 14 de agosto a las 17:00 hrs. [&hellip;]<\/p>\n","protected":false},"author":1,"featured_media":819,"comment_status":"open","ping_status":"open","sticky":false,"template":"","format":"standard","meta":{"_acf_changed":false,"footnotes":""},"categories":[2],"tags":[],"class_list":["post-818","post","type-post","status-publish","format-standard","has-post-thumbnail","hentry","category-noticias"],"acf":[],"_links":{"self":[{"href":"https:\/\/institutodefilosofia.udp.cl\/en\/wp-json\/wp\/v2\/posts\/818"}],"collection":[{"href":"https:\/\/institutodefilosofia.udp.cl\/en\/wp-json\/wp\/v2\/posts"}],"about":[{"href":"https:\/\/institutodefilosofia.udp.cl\/en\/wp-json\/wp\/v2\/types\/post"}],"author":[{"embeddable":true,"href":"https:\/\/institutodefilosofia.udp.cl\/en\/wp-json\/wp\/v2\/users\/1"}],"replies":[{"embeddable":true,"href":"https:\/\/institutodefilosofia.udp.cl\/en\/wp-json\/wp\/v2\/comments?post=818"}],"version-history":[{"count":0,"href":"https:\/\/institutodefilosofia.udp.cl\/en\/wp-json\/wp\/v2\/posts\/818\/revisions"}],"wp:featuredmedia":[{"embeddable":true,"href":"https:\/\/institutodefilosofia.udp.cl\/en\/wp-json\/wp\/v2\/media\/819"}],"wp:attachment":[{"href":"https:\/\/institutodefilosofia.udp.cl\/en\/wp-json\/wp\/v2\/media?parent=818"}],"wp:term":[{"taxonomy":"category","embeddable":true,"href":"https:\/\/institutodefilosofia.udp.cl\/en\/wp-json\/wp\/v2\/categories?post=818"},{"taxonomy":"post_tag","embeddable":true,"href":"https:\/\/institutodefilosofia.udp.cl\/en\/wp-json\/wp\/v2\/tags?post=818"}],"curies":[{"name":"wp","href":"https:\/\/api.w.org\/{rel}","templated":true}]}}