{"id":896,"date":"2017-10-26T09:08:10","date_gmt":"2017-10-26T12:08:10","guid":{"rendered":"https:\/\/institutodefilosofia.udp.cl\/cms\/2017\/10\/26\/coloquio-internacional-constitucion-el-poder-de-formar-modos-de-vida\/"},"modified":"2017-10-26T09:08:10","modified_gmt":"2017-10-26T12:08:10","slug":"coloquio-internacional-constitucion-el-poder-de-formar-modos-de-vida","status":"publish","type":"post","link":"https:\/\/institutodefilosofia.udp.cl\/en\/2017\/10\/26\/coloquio-internacional-constitucion-el-poder-de-formar-modos-de-vida\/","title":{"rendered":"Coloquio internacional &#8220;Constituci\u00f3n: El poder de formar modos de vida&#8221;"},"content":{"rendered":"<p>El 2 y 3 de noviembre, entre las 14:00 y las 20:00 hrs., se llevar\u00e1 a cabo el 4\u00ba Coloquio internacional en pensamiento social y pol\u00edtico, titulado &#8220;Constituci\u00f3n: El poder de formar modos de vida&#8221;. Contar\u00e1 con la participaci\u00f3n de los invitados Joel Col\u00f3n-R\u00edos (Victoria University of Wellington, New Zealand) y Fernando Atria (Universidad de Chile), junto con otros nueve acad\u00e9micos nacionales e internacionales.<\/p>\n<p>Esta actividad se realizar\u00e1 en la Sala 2 de la Casona de Postgrado (Ej\u00e9rcito 260) y contempla exposiciones en castellano y en ingl\u00e9s (ver programa abajo). Es organizado por el Instituto de Humanidades y el N\u00facleo de Teor\u00eda Social (Facultad de Ciencias Sociales e Historia) y cuenta con el patrocinio del Laboratorio Constitucional de la Universidad Diego Portales.<\/p>\n<p><strong><img loading=\"lazy\" decoding=\"async\" class=\"wp-image-1414 alignleft\" src=\"http:\/\/institutodefilosofia.udp.cl\/wp-content\/uploads\/2017\/10\/UDP_ColoquioConstitucion_afiche-695x1024.jpg\" alt=\"UDP_ColoquioConstitucion_Bajadas\" width=\"330\" height=\"486\" \/>Sobre el coloquio<\/strong><\/p>\n<p>En la teor\u00eda social y pol\u00edtica, la noci\u00f3n de constituci\u00f3n continua siendo un tema central en tanto el t\u00e9rmino articula un predicamento moderno con profundas ra\u00edces hist\u00f3ricas. En efecto, las constituciones no son meros objetos jur\u00eddicos de rango superior que fundamentan los derechos, instituyen capacidades legislativas y aseguran la legitimidad del estado. Ellas dan cuenta de las capacidades de auto-constituci\u00f3n de la sociedad para producir estructuras normativas y dar forma a la vida en com\u00fan. Este poder de una comunidad (o de algunos de sus miembros) para crear y re-crear su forma de coexistencia pol\u00edtica se manifiesta a la vez en la sedimentaci\u00f3n de pr\u00e1cticas sociales, conceptos, instituciones y saberes. En este sentido, una constituci\u00f3n no representa una unidad est\u00e1tica de prop\u00f3sitos, sino que un espacio abierto de fuerzas, procesos y estrategias en disputa.<\/p>\n<p>La cuesti\u00f3n de la constituci\u00f3n tiene especial relevancia y urgencia tanto en el contexto local del coloquio \u2013debido a que Chile se ha embarcado recientemente en el proceso de establecer una nueva Constituci\u00f3n\u2013, as\u00ed como en el \u00e1mbito internacional\u00a0 \u2013dada la crisis constitucional de la Uni\u00f3n Europea, el asalto populista a la democracia constitucional y el fracaso de una serie de proyectos constitucionales en sociedades posconflicto.<\/p>\n<p><strong>PROGRAMA<\/strong><\/p>\n<p><strong>Constituci\u00f3n: El poder de formar modos de vida \/ Constitution: The power of shaping forms of life<\/strong><\/p>\n<p>4\u00ba Coloquio internacional en pensamiento social y pol\u00edtico \/ 4<sup>th<\/sup> International Colloquium in Social and Political Thought<\/p>\n<p><span style=\"text-decoration: underline\"><strong>2 de noviembre \/ November 2<\/strong><\/span><\/p>\n<p><strong>14:00\u201314:10<\/strong> Apertura<\/p>\n<p><strong>14:10\u201315:30<\/strong><\/p>\n<p><strong>Keynote \/ <\/strong><strong>Conferencia principal:\u00a0 <\/strong>Joel Col\u00f3n-R\u00edos (Victoria University of Wellington)<\/p>\n<p><strong>15:30\u201315:45 <\/strong>Coffee break<\/p>\n<p><strong>15:45\u201317:15<\/strong><\/p>\n<p><strong>Panel 1: Building a demos: rights and affects <\/strong><\/p>\n<ul>\n<li>Beltran Undurraga (Pontificia Universidad Cat\u00f3lica de Chile): \u201cConstitution and democracy:\u00a0Habermas and the political grounding of rights beyond the nation-state\u201d<\/li>\n<li>Filipe Campello (Universidad Federal de Pernambuco): \u201cBetween affects and norms: On the emotive limits of constitutional patriotism\u201d<\/li>\n<\/ul>\n<p><strong>17:15\u201317:30 <\/strong>Coffee break<\/p>\n<p><strong>17:30\u201319:00<\/strong><\/p>\n<p><strong>Panel 2: What is a constitution? principles and duties<\/strong><\/p>\n<ul>\n<li>Wolfhart Totschnig (Universidad Diego Portales): \u201cConstitutive principles: Arendt and Badiou\u201d<\/li>\n<li>Lewis Ross (University of St Andrews): \u201cConstitutions, duties and national identity\u201d<\/li>\n<\/ul>\n<p><strong>19:00\u201320:00<\/strong> Wine reception \/ Vino de honor<\/p>\n<p><span style=\"text-decoration: underline\"><strong>3 de noviembre \/ November 3<\/strong><\/span><\/p>\n<p><strong>14:00\u201315:30<\/strong><\/p>\n<p><strong>Keynote \/ Conferencia principal:<\/strong> Fernando Atria (Universidad de Chile)<\/p>\n<p><strong>15:30\u201315:45<\/strong> Coffee break<\/p>\n<p><strong>15:45\u201317:45<\/strong><\/p>\n<p><strong>Panel 1: Procesos constituyentes en Am\u00e9rica Latina<\/strong><\/p>\n<ul>\n<li>Jorge Ernesto Roa (Universitat Pompeu Fabra): \u201cProcesos constituyentes sin momentos constitucionales en Am\u00e9rica Latina: Entre el constitucionalismo abusivo, el constitucionalismo autoritario y el constitucionalismo conservador\u201d<\/li>\n<li>Claudia Heiss (Universidad de Chile): \u201cDeliberaci\u00f3n inclusiva y participaci\u00f3n en procesos constituyentes: lecciones para Chile\u201d<\/li>\n<li>Paula Ahumada (Emory University): \u201cThe idea of the constitution and the limits of a social revolution: A study of Chilean constitutional practice\u201d<\/li>\n<\/ul>\n<p><strong>17:45\u201318:00<\/strong> Coffee break<\/p>\n<p><strong>18:00\u201319:30<\/strong><\/p>\n<p><strong>Panel 2: Momentos constituyentes: El poder de la contingencia y los conceptos<\/strong><\/p>\n<ul>\n<li>Aldo Mascare\u00f1o (Universidad Adolfo Ib\u00e1\u00f1ez): \u201cCrisis constituyentes: El poder de la contingencia\u201d<\/li>\n<li>Rodrigo Cordero (Universidad Diego Portales): \u201cLa fuerza de los conceptos: Notas para una sociolog\u00eda de los momentos constituyentes\u201d<\/li>\n<\/ul>\n","protected":false},"excerpt":{"rendered":"<p>El 2 y 3 de noviembre, entre las 14:00 y las 20:00 hrs., se llevar\u00e1 a cabo el 4\u00ba Coloquio internacional en pensamiento social y pol\u00edtico, titulado &#8220;Constituci\u00f3n: El poder de formar modos de vida&#8221;. Contar\u00e1 con la participaci\u00f3n de los invitados Joel Col\u00f3n-R\u00edos (Victoria University of Wellington, New Zealand) y Fernando Atria (Universidad de [&hellip;]<\/p>\n","protected":false},"author":1,"featured_media":897,"comment_status":"open","ping_status":"open","sticky":false,"template":"","format":"standard","meta":{"_acf_changed":false,"footnotes":""},"categories":[2],"tags":[],"class_list":["post-896","post","type-post","status-publish","format-standard","has-post-thumbnail","hentry","category-noticias"],"acf":[],"_links":{"self":[{"href":"https:\/\/institutodefilosofia.udp.cl\/en\/wp-json\/wp\/v2\/posts\/896"}],"collection":[{"href":"https:\/\/institutodefilosofia.udp.cl\/en\/wp-json\/wp\/v2\/posts"}],"about":[{"href":"https:\/\/institutodefilosofia.udp.cl\/en\/wp-json\/wp\/v2\/types\/post"}],"author":[{"embeddable":true,"href":"https:\/\/institutodefilosofia.udp.cl\/en\/wp-json\/wp\/v2\/users\/1"}],"replies":[{"embeddable":true,"href":"https:\/\/institutodefilosofia.udp.cl\/en\/wp-json\/wp\/v2\/comments?post=896"}],"version-history":[{"count":0,"href":"https:\/\/institutodefilosofia.udp.cl\/en\/wp-json\/wp\/v2\/posts\/896\/revisions"}],"wp:featuredmedia":[{"embeddable":true,"href":"https:\/\/institutodefilosofia.udp.cl\/en\/wp-json\/wp\/v2\/media\/897"}],"wp:attachment":[{"href":"https:\/\/institutodefilosofia.udp.cl\/en\/wp-json\/wp\/v2\/media?parent=896"}],"wp:term":[{"taxonomy":"category","embeddable":true,"href":"https:\/\/institutodefilosofia.udp.cl\/en\/wp-json\/wp\/v2\/categories?post=896"},{"taxonomy":"post_tag","embeddable":true,"href":"https:\/\/institutodefilosofia.udp.cl\/en\/wp-json\/wp\/v2\/tags?post=896"}],"curies":[{"name":"wp","href":"https:\/\/api.w.org\/{rel}","templated":true}]}}